{"id":1899,"date":"2026-09-03T10:51:28","date_gmt":"2026-09-03T08:51:28","guid":{"rendered":"https:\/\/imn.u-bordeaux.fr\/?p=1899"},"modified":"2026-09-03T10:54:28","modified_gmt":"2026-09-03T08:54:28","slug":"resultats-des-anr-2026","status":"publish","type":"post","link":"https:\/\/imn.u-bordeaux.fr\/fr\/2026\/09\/03\/resultats-des-anr-2026\/","title":{"rendered":"R\u00e9sultats des ANR 2026"},"content":{"rendered":"<p>F\u00e9licitations aux laur\u00e9ates et laur\u00e9ats IMN des Appels \u00e0 projets ANR 2026 !<\/p>\n<h3 class=\"redTitle\">CE37 &#8211; Neurosciences int\u00e9gratives et cognitives<\/h3>\n<p><strong>FIBEROMICS<\/strong> &#8211; <em>Typologie de l\u2019organisation des fibres de la mati\u00e8re blanche au sein des faisceaux chez le cerveau des primates<\/em><br \/>&#8211; Coordinateur : <strong>Laurent Petit (IMN)<br \/><\/strong>&#8211; Partenaires : <strong>Sandra Dovero (IMN)<\/strong>, Sylvain Miraux (CRMSB, Bordeaux), <strong>J\u00e9r\u00e9mie Teillon (BIC)<\/strong><\/p>\n<p><strong>PreCog<\/strong> &#8211; <em>Mod\u00e8les d&rsquo;apprentissage automatique de neuroimagerie pr\u00e9-entra\u00een\u00e9s pour la s\u00e9gr\u00e9gation des fonctions cognitives<\/em><br \/>&#8211; Coordinateur : <strong>Michel Thi\u00e9baut de Schotten (IMN)<br \/><\/strong>&#8211; Partenaires :\u00a0 Demian Wassermann (DataIA institute, Saclay) ; <strong>Valentina Pacella (IMN \/ VBHI, Bordeaux)<\/strong><\/p>\n<p><em><strong>Il manque votre projet ou des pr\u00e9cisions ? Merci d\u2019\u00e9crire \u00e0 <a href=\"&quot;https:\/\/bordeaux-neurocampus.fr\/mailto:arnaud.rodriguez@u-bordeaux.fr\">Arnaud Rodriguez<\/a><\/strong><\/em><\/p>\n\n\n<p class=\"wp-block-paragraph\"><\/p>\n","protected":false},"excerpt":{"rendered":"<p>F\u00e9licitations aux laur\u00e9ates et laur\u00e9ats.<\/p>\n","protected":false},"author":8,"featured_media":1900,"comment_status":"closed","ping_status":"closed","sticky":false,"template":"","format":"standard","meta":{"footnotes":""},"categories":[36],"tags":[],"class_list":["post-1899","post","type-post","status-publish","format-standard","has-post-thumbnail","hentry","category-funding"],"_links":{"self":[{"href":"https:\/\/imn.u-bordeaux.fr\/fr\/wp-json\/wp\/v2\/posts\/1899","targetHints":{"allow":["GET"]}}],"collection":[{"href":"https:\/\/imn.u-bordeaux.fr\/fr\/wp-json\/wp\/v2\/posts"}],"about":[{"href":"https:\/\/imn.u-bordeaux.fr\/fr\/wp-json\/wp\/v2\/types\/post"}],"author":[{"embeddable":true,"href":"https:\/\/imn.u-bordeaux.fr\/fr\/wp-json\/wp\/v2\/users\/8"}],"replies":[{"embeddable":true,"href":"https:\/\/imn.u-bordeaux.fr\/fr\/wp-json\/wp\/v2\/comments?post=1899"}],"version-history":[{"count":1,"href":"https:\/\/imn.u-bordeaux.fr\/fr\/wp-json\/wp\/v2\/posts\/1899\/revisions"}],"predecessor-version":[{"id":1906,"href":"https:\/\/imn.u-bordeaux.fr\/fr\/wp-json\/wp\/v2\/posts\/1899\/revisions\/1906"}],"wp:featuredmedia":[{"embeddable":true,"href":"https:\/\/imn.u-bordeaux.fr\/fr\/wp-json\/wp\/v2\/media\/1900"}],"wp:attachment":[{"href":"https:\/\/imn.u-bordeaux.fr\/fr\/wp-json\/wp\/v2\/media?parent=1899"}],"wp:term":[{"taxonomy":"category","embeddable":true,"href":"https:\/\/imn.u-bordeaux.fr\/fr\/wp-json\/wp\/v2\/categories?post=1899"},{"taxonomy":"post_tag","embeddable":true,"href":"https:\/\/imn.u-bordeaux.fr\/fr\/wp-json\/wp\/v2\/tags?post=1899"}],"curies":[{"name":"wp","href":"https:\/\/api.w.org\/{rel}","templated":true}]}}