{"id":1813,"date":"2026-04-27T10:50:25","date_gmt":"2026-04-27T08:50:25","guid":{"rendered":"https:\/\/imn.u-bordeaux.fr\/?p=1813"},"modified":"2026-04-27T11:58:02","modified_gmt":"2026-04-27T09:58:02","slug":"maladie-dalzheimer-pourquoi-il-ne-faut-pas-abandonner-le-clinico-pathologique","status":"publish","type":"post","link":"https:\/\/imn.u-bordeaux.fr\/en\/2026\/04\/27\/maladie-dalzheimer-pourquoi-il-ne-faut-pas-abandonner-le-clinico-pathologique\/","title":{"rendered":"Maladie d\u2019Alzheimer : pourquoi il ne faut pas abandonner le clinico-pathologique"},"content":{"rendered":"\n<p>Le tout biologique va-t-il remplacer le clinico-pathologique dans le diagnostic des maladies neurod\u00e9g\u00e9n\u00e9ratives ? Pas s\u00fbr, pense le Pr Vincent Planche, neurologue au CHU de Bordeaux et chercheur \u00e0 l\u2019IMN.<\/p>\n\n\n\n<p>Son intervention lors d\u2019une session organis\u00e9e durant les <a href=\"https:\/\/www.jnlf.fr\/\">Journ\u00e9es de neurologie de langue fran\u00e7aise (14-17 avril 2026)<\/a> a fait l\u2019objet d\u2019un article \u00e0 lire sur univadis.fr<\/p>\n\n\n\n<p><a href=\"https:\/\/www.univadis.fr\/viewarticle\/jnlf-2026-maladie-dalzheimer-pourquoi-il-ne-faut-pas-2026a1000bql\">Article Univadis<\/a><\/p>\n\n\n\n<p><\/p>\n","protected":false},"excerpt":{"rendered":"<p>Article Univadis<\/p>\n","protected":false},"author":8,"featured_media":0,"comment_status":"closed","ping_status":"closed","sticky":false,"template":"","format":"standard","meta":{"footnotes":""},"categories":[19],"tags":[],"class_list":["post-1813","post","type-post","status-publish","format-standard","hentry","category-interview"],"_links":{"self":[{"href":"https:\/\/imn.u-bordeaux.fr\/en\/wp-json\/wp\/v2\/posts\/1813","targetHints":{"allow":["GET"]}}],"collection":[{"href":"https:\/\/imn.u-bordeaux.fr\/en\/wp-json\/wp\/v2\/posts"}],"about":[{"href":"https:\/\/imn.u-bordeaux.fr\/en\/wp-json\/wp\/v2\/types\/post"}],"author":[{"embeddable":true,"href":"https:\/\/imn.u-bordeaux.fr\/en\/wp-json\/wp\/v2\/users\/8"}],"replies":[{"embeddable":true,"href":"https:\/\/imn.u-bordeaux.fr\/en\/wp-json\/wp\/v2\/comments?post=1813"}],"version-history":[{"count":2,"href":"https:\/\/imn.u-bordeaux.fr\/en\/wp-json\/wp\/v2\/posts\/1813\/revisions"}],"predecessor-version":[{"id":1817,"href":"https:\/\/imn.u-bordeaux.fr\/en\/wp-json\/wp\/v2\/posts\/1813\/revisions\/1817"}],"wp:attachment":[{"href":"https:\/\/imn.u-bordeaux.fr\/en\/wp-json\/wp\/v2\/media?parent=1813"}],"wp:term":[{"taxonomy":"category","embeddable":true,"href":"https:\/\/imn.u-bordeaux.fr\/en\/wp-json\/wp\/v2\/categories?post=1813"},{"taxonomy":"post_tag","embeddable":true,"href":"https:\/\/imn.u-bordeaux.fr\/en\/wp-json\/wp\/v2\/tags?post=1813"}],"curies":[{"name":"wp","href":"https:\/\/api.w.org\/{rel}","templated":true}]}}